{"id":338,"date":"2026-04-09T03:05:49","date_gmt":"2026-04-09T03:05:49","guid":{"rendered":"https:\/\/www.marcasbateria.com\/blogs\/?p=338"},"modified":"2026-04-09T03:05:49","modified_gmt":"2026-04-09T03:05:49","slug":"el-bose-s1-pro-cada-vez-depende-mas-de-la-carga-te-explicamos-claramente-el-problema-principal","status":"publish","type":"post","link":"https:\/\/www.marcasbateria.com\/blogs\/archives\/338","title":{"rendered":"\u00bfEl Bose S1 Pro cada vez depende m\u00e1s de la carga? Te explicamos claramente el problema principal"},"content":{"rendered":"\n<h2 class=\"wp-block-heading\">Your Portable Sound System Isn\u2019t Performing Like Before<\/h2>\n\n\n\n<p>If your speaker doesn\u2019t last as long as it used to, you\u2019re not alone. Many users start searching for<a href=\"https:\/\/www.marcasbateria.com\/model-1737197-Bose-for-78592\"> <strong>bater\u00eda Bose S1 Pro<\/strong><\/a>, <strong>altavoz S1 Pro con bater\u00eda Bose<\/strong>, and <strong>Bose S1 Pro con bater\u00eda integrada<\/strong> when they notice a sudden drop in runtime and overall portability.<\/p>\n\n\n\n<p>This is usually the first sign that something is changing in your system\u2019s energy performance.<\/p>\n\n\n\n<h2 class=\"wp-block-heading\">Why Your Bose S1 Pro Battery Life Is Dropping<\/h2>\n\n\n\n<p>Over time, every portable audio system loses efficiency. The <strong>Bose S1 Pro con bater\u00eda integrada<\/strong> is no exception.<\/p>\n\n\n\n<p>Frequent charging, high-volume use, and long sessions all contribute to gradual capacity loss. That\u2019s why users of the <strong>altavoz S1 Pro con bater\u00eda Bose<\/strong> often notice shorter playtime even when usage habits haven\u2019t changed.<\/p>\n\n\n\n<p>This is a natural behavior linked to long-term energy cycling.<\/p>\n\n\n\n<h2 class=\"wp-block-heading\">Early Warning Signs You Should Never Ignore<\/h2>\n\n\n\n<p>The decline doesn\u2019t happen suddenly\u2014it builds up slowly.<\/p>\n\n\n\n<p>If your<a href=\"https:\/\/www.marcasbateria.com\/model-1737197-Bose-for-78592\"> <strong>bater\u00eda Bose S1 Pro<\/strong><\/a> is weakening, you may notice:<\/p>\n\n\n\n<ul class=\"wp-block-list\">\n<li>Shorter playback time<\/li>\n\n\n\n<li>Faster discharge during normal use<\/li>\n\n\n\n<li>Needing to recharge more often<\/li>\n\n\n\n<li>Sudden shutdowns at medium battery levels<\/li>\n<\/ul>\n\n\n\n<p>These are classic indicators that your <strong>Bose S1 Pro con bater\u00eda integrada<\/strong> is no longer delivering stable performance.<\/p>\n\n\n\n<h2 class=\"wp-block-heading\">How Daily Usage Impacts Battery Performance<\/h2>\n\n\n\n<p>Your usage style matters more than you think.<\/p>\n\n\n\n<p>Running the <strong>altavoz S1 Pro con bater\u00eda Bose<\/strong> at high volume for long periods, exposing it to heat, or letting it fully drain repeatedly can accelerate performance loss.<\/p>\n\n\n\n<p>Even small habits have a big impact over time on the <strong>bater\u00eda Bose S1 Pro<\/strong> efficiency.<\/p>\n\n\n\n<h2 class=\"wp-block-heading\">Simple Optimization Tips to Extend Runtime<\/h2>\n\n\n\n<p>You don\u2019t need complicated fixes.<\/p>\n\n\n\n<p>To improve performance of your <strong>Bose S1 Pro con bater\u00eda integrada<\/strong>, try:<\/p>\n\n\n\n<ul class=\"wp-block-list\">\n<li>Avoiding full discharge cycles<\/li>\n\n\n\n<li>Keeping moderate volume levels when possible<\/li>\n\n\n\n<li>Preventing overheating during long sessions<\/li>\n\n\n\n<li>Charging before the battery fully drains<\/li>\n<\/ul>\n\n\n\n<p>These simple steps help stabilize the <strong>altavoz S1 Pro con bater\u00eda Bose<\/strong> performance and maintain longer playtime.<\/p>\n\n\n\n<h2 class=\"wp-block-heading\">Bring Back the True Portability Experience<\/h2>\n\n\n\n<p>A portable speaker should feel truly portable.<\/p>\n\n\n\n<p>When the <strong>bater\u00eda Bose S1 Pro<\/strong> starts to weaken, the entire experience becomes limited. But with better usage habits and awareness of performance signals, your <a href=\"https:\/\/www.marcasbateria.com\/model-1737197-Bose-for-78592\"><strong>Bose S1 Pro con bater\u00eda integrada<\/strong> <\/a>can continue delivering powerful, reliable sound without interruptions.<\/p>\n","protected":false},"excerpt":{"rendered":"<p>Your Portable Sound System Isn\u2019t Performing Like Before If your speaker doesn\u2019t last as long as it used to, you\u2019re not alone. Many users start searching for bater\u00eda Bose S1 Pro, altavoz S1 Pro con bater\u00eda Bose, and Bose S1 Pro con bater\u00eda integrada when they notice a sudden drop in runtime and overall portability&#8230;.<\/p>\n","protected":false},"author":1,"featured_media":339,"comment_status":"open","ping_status":"open","sticky":false,"template":"","format":"standard","meta":{"footnotes":""},"categories":[11],"tags":[59],"class_list":["post-338","post","type-post","status-publish","format-standard","has-post-thumbnail","hentry","category-bateria-del-altavoz-bluetooth","tag-bocina-s1-pro-con-bateria-bose"],"yoast_head":"<!-- This site is optimized with the Yoast SEO plugin v26.3 - https:\/\/yoast.com\/wordpress\/plugins\/seo\/ -->\n<title>\u00bfEl Bose S1 Pro cada vez depende m\u00e1s de la carga? Te explicamos claramente el problema principal - Marcas Bateria<\/title>\n<meta name=\"robots\" content=\"index, follow, max-snippet:-1, max-image-preview:large, max-video-preview:-1\" \/>\n<link rel=\"canonical\" href=\"https:\/\/www.marcasbateria.com\/blogs\/archives\/338\" \/>\n<meta property=\"og:locale\" content=\"es_ES\" \/>\n<meta property=\"og:type\" content=\"article\" \/>\n<meta property=\"og:title\" content=\"\u00bfEl Bose S1 Pro cada vez depende m\u00e1s de la carga? Te explicamos claramente el problema principal - Marcas Bateria\" \/>\n<meta property=\"og:description\" content=\"Your Portable Sound System Isn\u2019t Performing Like Before If your speaker doesn\u2019t last as long as it used to, you\u2019re not alone. Many users start searching for bater\u00eda Bose S1 Pro, altavoz S1 Pro con bater\u00eda Bose, and Bose S1 Pro con bater\u00eda integrada when they notice a sudden drop in runtime and overall portability....\" \/>\n<meta property=\"og:url\" content=\"https:\/\/www.marcasbateria.com\/blogs\/archives\/338\" \/>\n<meta property=\"og:site_name\" content=\"Marcas Bateria\" \/>\n<meta property=\"article:published_time\" content=\"2026-04-09T03:05:49+00:00\" \/>\n<meta property=\"og:image\" content=\"https:\/\/www.marcasbateria.com\/blogs\/wp-content\/uploads\/2026\/04\/\u622a\u56fe20260409104740.png\" \/>\n\t<meta property=\"og:image:width\" content=\"406\" \/>\n\t<meta property=\"og:image:height\" content=\"336\" \/>\n\t<meta property=\"og:image:type\" content=\"image\/png\" \/>\n<meta name=\"author\" content=\"admin\" \/>\n<meta name=\"twitter:card\" content=\"summary_large_image\" \/>\n<meta name=\"twitter:label1\" content=\"Escrito por\" \/>\n\t<meta name=\"twitter:data1\" content=\"admin\" \/>\n\t<meta name=\"twitter:label2\" content=\"Tiempo de lectura\" \/>\n\t<meta name=\"twitter:data2\" content=\"2 minutos\" \/>\n<script type=\"application\/ld+json\" class=\"yoast-schema-graph\">{\"@context\":\"https:\/\/schema.org\",\"@graph\":[{\"@type\":\"WebPage\",\"@id\":\"https:\/\/www.marcasbateria.com\/blogs\/archives\/338\",\"url\":\"https:\/\/www.marcasbateria.com\/blogs\/archives\/338\",\"name\":\"\u00bfEl Bose S1 Pro cada vez depende m\u00e1s de la carga? Te explicamos claramente el problema principal - Marcas Bateria\",\"isPartOf\":{\"@id\":\"https:\/\/www.marcasbateria.com\/blogs\/#website\"},\"primaryImageOfPage\":{\"@id\":\"https:\/\/www.marcasbateria.com\/blogs\/archives\/338#primaryimage\"},\"image\":{\"@id\":\"https:\/\/www.marcasbateria.com\/blogs\/archives\/338#primaryimage\"},\"thumbnailUrl\":\"https:\/\/www.marcasbateria.com\/blogs\/wp-content\/uploads\/2026\/04\/\u622a\u56fe20260409104740.png\",\"datePublished\":\"2026-04-09T03:05:49+00:00\",\"author\":{\"@id\":\"https:\/\/www.marcasbateria.com\/blogs\/#\/schema\/person\/fe44b76250c66adbfb217741661ee8d6\"},\"breadcrumb\":{\"@id\":\"https:\/\/www.marcasbateria.com\/blogs\/archives\/338#breadcrumb\"},\"inLanguage\":\"es\",\"potentialAction\":[{\"@type\":\"ReadAction\",\"target\":[\"https:\/\/www.marcasbateria.com\/blogs\/archives\/338\"]}]},{\"@type\":\"ImageObject\",\"inLanguage\":\"es\",\"@id\":\"https:\/\/www.marcasbateria.com\/blogs\/archives\/338#primaryimage\",\"url\":\"https:\/\/www.marcasbateria.com\/blogs\/wp-content\/uploads\/2026\/04\/\u622a\u56fe20260409104740.png\",\"contentUrl\":\"https:\/\/www.marcasbateria.com\/blogs\/wp-content\/uploads\/2026\/04\/\u622a\u56fe20260409104740.png\",\"width\":406,\"height\":336},{\"@type\":\"BreadcrumbList\",\"@id\":\"https:\/\/www.marcasbateria.com\/blogs\/archives\/338#breadcrumb\",\"itemListElement\":[{\"@type\":\"ListItem\",\"position\":1,\"name\":\"Portada\",\"item\":\"https:\/\/www.marcasbateria.com\/blogs\"},{\"@type\":\"ListItem\",\"position\":2,\"name\":\"\u00bfEl Bose S1 Pro cada vez depende m\u00e1s de la carga? Te explicamos claramente el problema principal\"}]},{\"@type\":\"WebSite\",\"@id\":\"https:\/\/www.marcasbateria.com\/blogs\/#website\",\"url\":\"https:\/\/www.marcasbateria.com\/blogs\/\",\"name\":\"Marcas Bateria\",\"description\":\"Entre en nuestro blog y descubra los mejores consejos para el mantenimiento, cuidado y compra de sus bater\u00edas, cargadores y derivados... \u00a1Entra e inf\u00f3rmate de todo!\",\"potentialAction\":[{\"@type\":\"SearchAction\",\"target\":{\"@type\":\"EntryPoint\",\"urlTemplate\":\"https:\/\/www.marcasbateria.com\/blogs\/?s={search_term_string}\"},\"query-input\":{\"@type\":\"PropertyValueSpecification\",\"valueRequired\":true,\"valueName\":\"search_term_string\"}}],\"inLanguage\":\"es\"},{\"@type\":\"Person\",\"@id\":\"https:\/\/www.marcasbateria.com\/blogs\/#\/schema\/person\/fe44b76250c66adbfb217741661ee8d6\",\"name\":\"admin\",\"image\":{\"@type\":\"ImageObject\",\"inLanguage\":\"es\",\"@id\":\"https:\/\/www.marcasbateria.com\/blogs\/#\/schema\/person\/image\/\",\"url\":\"https:\/\/secure.gravatar.com\/avatar\/99117893496527840c67e2b04cdf0d7a7b2b55d9f7780951ebc560b4d31a726f?s=96&d=mm&r=g\",\"contentUrl\":\"https:\/\/secure.gravatar.com\/avatar\/99117893496527840c67e2b04cdf0d7a7b2b55d9f7780951ebc560b4d31a726f?s=96&d=mm&r=g\",\"caption\":\"admin\"},\"sameAs\":[\"https:\/\/www.marcasbateria.com\/blogs\"],\"url\":\"https:\/\/www.marcasbateria.com\/blogs\/archives\/author\/admin\"}]}<\/script>\n<!-- \/ Yoast SEO plugin. -->","yoast_head_json":{"title":"\u00bfEl Bose S1 Pro cada vez depende m\u00e1s de la carga? Te explicamos claramente el problema principal - Marcas Bateria","robots":{"index":"index","follow":"follow","max-snippet":"max-snippet:-1","max-image-preview":"max-image-preview:large","max-video-preview":"max-video-preview:-1"},"canonical":"https:\/\/www.marcasbateria.com\/blogs\/archives\/338","og_locale":"es_ES","og_type":"article","og_title":"\u00bfEl Bose S1 Pro cada vez depende m\u00e1s de la carga? Te explicamos claramente el problema principal - Marcas Bateria","og_description":"Your Portable Sound System Isn\u2019t Performing Like Before If your speaker doesn\u2019t last as long as it used to, you\u2019re not alone. Many users start searching for bater\u00eda Bose S1 Pro, altavoz S1 Pro con bater\u00eda Bose, and Bose S1 Pro con bater\u00eda integrada when they notice a sudden drop in runtime and overall portability....","og_url":"https:\/\/www.marcasbateria.com\/blogs\/archives\/338","og_site_name":"Marcas Bateria","article_published_time":"2026-04-09T03:05:49+00:00","og_image":[{"width":406,"height":336,"url":"https:\/\/www.marcasbateria.com\/blogs\/wp-content\/uploads\/2026\/04\/\u622a\u56fe20260409104740.png","type":"image\/png"}],"author":"admin","twitter_card":"summary_large_image","twitter_misc":{"Escrito por":"admin","Tiempo de lectura":"2 minutos"},"schema":{"@context":"https:\/\/schema.org","@graph":[{"@type":"WebPage","@id":"https:\/\/www.marcasbateria.com\/blogs\/archives\/338","url":"https:\/\/www.marcasbateria.com\/blogs\/archives\/338","name":"\u00bfEl Bose S1 Pro cada vez depende m\u00e1s de la carga? Te explicamos claramente el problema principal - Marcas Bateria","isPartOf":{"@id":"https:\/\/www.marcasbateria.com\/blogs\/#website"},"primaryImageOfPage":{"@id":"https:\/\/www.marcasbateria.com\/blogs\/archives\/338#primaryimage"},"image":{"@id":"https:\/\/www.marcasbateria.com\/blogs\/archives\/338#primaryimage"},"thumbnailUrl":"https:\/\/www.marcasbateria.com\/blogs\/wp-content\/uploads\/2026\/04\/\u622a\u56fe20260409104740.png","datePublished":"2026-04-09T03:05:49+00:00","author":{"@id":"https:\/\/www.marcasbateria.com\/blogs\/#\/schema\/person\/fe44b76250c66adbfb217741661ee8d6"},"breadcrumb":{"@id":"https:\/\/www.marcasbateria.com\/blogs\/archives\/338#breadcrumb"},"inLanguage":"es","potentialAction":[{"@type":"ReadAction","target":["https:\/\/www.marcasbateria.com\/blogs\/archives\/338"]}]},{"@type":"ImageObject","inLanguage":"es","@id":"https:\/\/www.marcasbateria.com\/blogs\/archives\/338#primaryimage","url":"https:\/\/www.marcasbateria.com\/blogs\/wp-content\/uploads\/2026\/04\/\u622a\u56fe20260409104740.png","contentUrl":"https:\/\/www.marcasbateria.com\/blogs\/wp-content\/uploads\/2026\/04\/\u622a\u56fe20260409104740.png","width":406,"height":336},{"@type":"BreadcrumbList","@id":"https:\/\/www.marcasbateria.com\/blogs\/archives\/338#breadcrumb","itemListElement":[{"@type":"ListItem","position":1,"name":"Portada","item":"https:\/\/www.marcasbateria.com\/blogs"},{"@type":"ListItem","position":2,"name":"\u00bfEl Bose S1 Pro cada vez depende m\u00e1s de la carga? Te explicamos claramente el problema principal"}]},{"@type":"WebSite","@id":"https:\/\/www.marcasbateria.com\/blogs\/#website","url":"https:\/\/www.marcasbateria.com\/blogs\/","name":"Marcas Bateria","description":"Entre en nuestro blog y descubra los mejores consejos para el mantenimiento, cuidado y compra de sus bater\u00edas, cargadores y derivados... \u00a1Entra e inf\u00f3rmate de todo!","potentialAction":[{"@type":"SearchAction","target":{"@type":"EntryPoint","urlTemplate":"https:\/\/www.marcasbateria.com\/blogs\/?s={search_term_string}"},"query-input":{"@type":"PropertyValueSpecification","valueRequired":true,"valueName":"search_term_string"}}],"inLanguage":"es"},{"@type":"Person","@id":"https:\/\/www.marcasbateria.com\/blogs\/#\/schema\/person\/fe44b76250c66adbfb217741661ee8d6","name":"admin","image":{"@type":"ImageObject","inLanguage":"es","@id":"https:\/\/www.marcasbateria.com\/blogs\/#\/schema\/person\/image\/","url":"https:\/\/secure.gravatar.com\/avatar\/99117893496527840c67e2b04cdf0d7a7b2b55d9f7780951ebc560b4d31a726f?s=96&d=mm&r=g","contentUrl":"https:\/\/secure.gravatar.com\/avatar\/99117893496527840c67e2b04cdf0d7a7b2b55d9f7780951ebc560b4d31a726f?s=96&d=mm&r=g","caption":"admin"},"sameAs":["https:\/\/www.marcasbateria.com\/blogs"],"url":"https:\/\/www.marcasbateria.com\/blogs\/archives\/author\/admin"}]}},"_links":{"self":[{"href":"https:\/\/www.marcasbateria.com\/blogs\/wp-json\/wp\/v2\/posts\/338","targetHints":{"allow":["GET"]}}],"collection":[{"href":"https:\/\/www.marcasbateria.com\/blogs\/wp-json\/wp\/v2\/posts"}],"about":[{"href":"https:\/\/www.marcasbateria.com\/blogs\/wp-json\/wp\/v2\/types\/post"}],"author":[{"embeddable":true,"href":"https:\/\/www.marcasbateria.com\/blogs\/wp-json\/wp\/v2\/users\/1"}],"replies":[{"embeddable":true,"href":"https:\/\/www.marcasbateria.com\/blogs\/wp-json\/wp\/v2\/comments?post=338"}],"version-history":[{"count":1,"href":"https:\/\/www.marcasbateria.com\/blogs\/wp-json\/wp\/v2\/posts\/338\/revisions"}],"predecessor-version":[{"id":340,"href":"https:\/\/www.marcasbateria.com\/blogs\/wp-json\/wp\/v2\/posts\/338\/revisions\/340"}],"wp:featuredmedia":[{"embeddable":true,"href":"https:\/\/www.marcasbateria.com\/blogs\/wp-json\/wp\/v2\/media\/339"}],"wp:attachment":[{"href":"https:\/\/www.marcasbateria.com\/blogs\/wp-json\/wp\/v2\/media?parent=338"}],"wp:term":[{"taxonomy":"category","embeddable":true,"href":"https:\/\/www.marcasbateria.com\/blogs\/wp-json\/wp\/v2\/categories?post=338"},{"taxonomy":"post_tag","embeddable":true,"href":"https:\/\/www.marcasbateria.com\/blogs\/wp-json\/wp\/v2\/tags?post=338"}],"curies":[{"name":"wp","href":"https:\/\/api.w.org\/{rel}","templated":true}]}}